{"id":1,"date":"2021-11-12T18:33:13","date_gmt":"2021-11-12T17:33:13","guid":{"rendered":"http:\/\/www.sitrass.org\/?p=1"},"modified":"2023-12-08T11:23:06","modified_gmt":"2023-12-08T10:23:06","slug":"bonjour-tout-le-monde","status":"publish","type":"post","link":"https:\/\/www.sitrass.org\/index.php\/2021\/11\/12\/bonjour-tout-le-monde\/","title":{"rendered":"Zoro Bi Nagon\u00e9"},"content":{"rendered":"\n<div class=\"wp-block-columns is-layout-flex wp-container-core-columns-is-layout-1 wp-block-columns-is-layout-flex\">\n<div class=\"wp-block-column is-layout-flow wp-block-column-is-layout-flow\">\n<pre class=\"wp-block-code\"><code><pre class=\"wp-block-code\"><code><div class=\"wp-block-image is-style-default\"><figure class=\"aligncenter size-large is-resized\"><img loading=\"lazy\" decoding=\"async\" src=\"https:\/\/www.sitrass.org\/wp-content\/uploads\/2021\/11\/zoro.jpg\" alt=\"\" class=\"wp-image-42\" width=\"120\" height=\"132\"><\/figure><\/div><\/code><\/pre><\/code><\/pre>\n<\/div>\n\n\n\n<div class=\"wp-block-column is-layout-flow wp-block-column-is-layout-flow\">\n<p style=\"font-size:18px\"> <strong>Vice-pr\u00e9sident charg\u00e9 des relations avec les partenaires africains : Zoro Bi Nagon\u00e9<\/strong><br>Ing\u00e9nieur-\u00e9conomiste des transports, Zoro Bi Nagon\u00e9 a, pendant plusieurs ann\u00e9es, assur\u00e9 la direction de l\u2019unit\u00e9 Transports du BNETD, puis celle de Directeur g\u00e9n\u00e9ral de l&rsquo;Agence de gestion des transports urbains d&rsquo;Abidjan (AGETU). Membre fondateur de SITRASS, il assure par ailleurs la pr\u00e9sidence de l&rsquo;AIDET, l&rsquo;\u00e9quipe locale SITRASS en C\u00f4te d&rsquo;Ivoire.<br><a href=\"mailto:zorobinagone@yahoo.fr\">zorobinagone@yahoo.fr<\/a> <\/p>\n<\/div>\n<\/div>\n","protected":false},"excerpt":{"rendered":"<p>Vice-pr\u00e9sident charg\u00e9 des relations avec les partenaires africains : Zoro Bi Nagon\u00e9Ing\u00e9nieur-\u00e9conomiste des transports, Zoro Bi Nagon\u00e9 a, pendant plusieurs ann\u00e9es, assur\u00e9 la direction de l\u2019unit\u00e9 Transports du BNETD, puis celle de Directeur g\u00e9n\u00e9ral de l&rsquo;Agence de gestion des transports urbains d&rsquo;Abidjan (AGETU). Membre fondateur de SITRASS, il assure par ailleurs la pr\u00e9sidence de l&rsquo;AIDET, l&rsquo;\u00e9quipe locale SITRASS en C\u00f4te d&rsquo;Ivoire.zorobinagone@yahoo.fr<\/p>\n","protected":false},"author":1,"featured_media":0,"comment_status":"closed","ping_status":"closed","sticky":false,"template":"","format":"standard","meta":{"footnotes":""},"categories":[1],"tags":[],"class_list":["post-1","post","type-post","status-publish","format-standard","hentry","category-non-classe"],"_links":{"self":[{"href":"https:\/\/www.sitrass.org\/index.php\/wp-json\/wp\/v2\/posts\/1","targetHints":{"allow":["GET"]}}],"collection":[{"href":"https:\/\/www.sitrass.org\/index.php\/wp-json\/wp\/v2\/posts"}],"about":[{"href":"https:\/\/www.sitrass.org\/index.php\/wp-json\/wp\/v2\/types\/post"}],"author":[{"embeddable":true,"href":"https:\/\/www.sitrass.org\/index.php\/wp-json\/wp\/v2\/users\/1"}],"replies":[{"embeddable":true,"href":"https:\/\/www.sitrass.org\/index.php\/wp-json\/wp\/v2\/comments?post=1"}],"version-history":[{"count":7,"href":"https:\/\/www.sitrass.org\/index.php\/wp-json\/wp\/v2\/posts\/1\/revisions"}],"predecessor-version":[{"id":161,"href":"https:\/\/www.sitrass.org\/index.php\/wp-json\/wp\/v2\/posts\/1\/revisions\/161"}],"wp:attachment":[{"href":"https:\/\/www.sitrass.org\/index.php\/wp-json\/wp\/v2\/media?parent=1"}],"wp:term":[{"taxonomy":"category","embeddable":true,"href":"https:\/\/www.sitrass.org\/index.php\/wp-json\/wp\/v2\/categories?post=1"},{"taxonomy":"post_tag","embeddable":true,"href":"https:\/\/www.sitrass.org\/index.php\/wp-json\/wp\/v2\/tags?post=1"}],"curies":[{"name":"wp","href":"https:\/\/api.w.org\/{rel}","templated":true}]}}